{"id":2685,"date":"2021-02-22T09:00:44","date_gmt":"2021-02-22T06:00:44","guid":{"rendered":"https:\/\/colose.fi\/blog\/?p=2685"},"modified":"2021-02-22T11:59:14","modified_gmt":"2021-02-22T08:59:14","slug":"muotoile-taydelliset-kulmakarvat","status":"publish","type":"post","link":"https:\/\/colose.fi\/blog\/muotoile-taydelliset-kulmakarvat\/","title":{"rendered":"Kauneusvinkki: N\u00e4in muotoilet t\u00e4ydelliset kulmakarvat"},"content":{"rendered":"<p><a href=\"https:\/\/colose.fi\/blog\/wp-content\/uploads\/2021\/02\/kulmakarvojen-muotoilu1.jpg\" data-lightbox=\"gal[2685]\"><img loading=\"lazy\" decoding=\"async\" class=\"alignnone wp-image-2687 size-full\" src=\"https:\/\/colose.fi\/blog\/wp-content\/uploads\/2021\/02\/kulmakarvojen-muotoilu1.jpg\" alt=\"t\u00e4ydelliset kulmakarvat\" width=\"1080\" height=\"1080\" srcset=\"https:\/\/colose.fi\/blog\/wp-content\/uploads\/2021\/02\/kulmakarvojen-muotoilu1.jpg 1080w, https:\/\/colose.fi\/blog\/wp-content\/uploads\/2021\/02\/kulmakarvojen-muotoilu1-300x300.jpg 300w, https:\/\/colose.fi\/blog\/wp-content\/uploads\/2021\/02\/kulmakarvojen-muotoilu1-1024x1024.jpg 1024w, https:\/\/colose.fi\/blog\/wp-content\/uploads\/2021\/02\/kulmakarvojen-muotoilu1-150x150.jpg 150w, https:\/\/colose.fi\/blog\/wp-content\/uploads\/2021\/02\/kulmakarvojen-muotoilu1-768x768.jpg 768w, https:\/\/colose.fi\/blog\/wp-content\/uploads\/2021\/02\/kulmakarvojen-muotoilu1-200x200.jpg 200w, https:\/\/colose.fi\/blog\/wp-content\/uploads\/2021\/02\/kulmakarvojen-muotoilu1-100x100.jpg 100w\" sizes=\"auto, (max-width: 1080px) 100vw, 1080px\" \/><\/a><\/p>\n<p>Kukapa ei haluaisi, ett\u00e4 omia kasvoja kehyst\u00e4isi t\u00e4ydelliset kulmakarvat? Kulmien muodolla ja v\u00e4rill\u00e4 on suuri vaikutus koko yleisilmeeseen, ja niiden avulla voidaan esimerkiksi saada kasvot kohotetun n\u00e4k\u00f6isiksi tai syvent\u00e4\u00e4 katsetta. T\u00e4n\u00e4\u00e4n kerromme, miten kulmakarvat kannattaa muotoilla ja meikata jotta ne n\u00e4ytt\u00e4isiv\u00e4t mahdollisimman imartelevilta.<\/p>\n<p><!--more--><\/p>\n<h3>Muotoile t\u00e4ydelliset kulmakarvat<\/h3>\n<p>Klassinen siipimuoto sopii l\u00e4hes kaikille kasvoille. Oikein muotoiltuna siipim\u00e4iset kulmakarvat kohottavat kasvoja ja korostavat katsetta tehden siit\u00e4 intensiivisemm\u00e4n. Omat, luonnolliset kulmakarvat voidaan muotoilla <a href=\"https:\/\/colose.fi\/tarvikkeet\/182-pinsetti-care4u.html\" target=\"_blank\" rel=\"noopener\">pinseteill\u00e4<\/a> siipim\u00e4iseen muotoon helposti.<\/p>\n<p><strong>Tee n\u00e4in:<\/strong> Aluksi tarkistetaan oikeat linjat asettamalla kyn\u00e4 nen\u00e4npielt\u00e4 vasten. Kun kyn\u00e4 osoittaa suoraan yl\u00f6sp\u00e4in, n\u00e4hd\u00e4\u00e4n, mist\u00e4 kulmakarvan tulisi alkaa. Sen j\u00e4lkeen kyn\u00e4\u00e4 k\u00e4\u00e4nnet\u00e4\u00e4n niin, ett\u00e4 se osoittaa nen\u00e4npielest\u00e4 kohti silm\u00e4n keskiosaa. N\u00e4in l\u00f6ydet\u00e4\u00e4n kulmakarvan korkein kohta. Viimeiseksi k\u00e4\u00e4nnet\u00e4\u00e4n kyn\u00e4 kohti silm\u00e4n ulkonurkkaa. Kulmakarvan tulisi p\u00e4\u00e4tty\u00e4 t\u00e4ll\u00e4 linjalla, yleens\u00e4 samalla korkeustasolla kulmakarvojen alun kanssa. Katso esimerkkilinjat yll\u00e4 olevasta kuvasta.<\/p>\n<p>Kaikkien kulmakarvat eiv\u00e4t kasva siten, ett\u00e4 niit\u00e4 saataisiin nypitty\u00e4 t\u00e4ydelliseen siipimuotoon. T\u00e4ll\u00f6in voidaan mukailla kulmakarvan luonnollista linjaa nyppimisvaiheessa. Varo kuitenkin, ettet vahingossa muotoile kulmakarvojasi surullisen tai v\u00e4syneen n\u00e4k\u00f6isiksi! Seuraavasta listasta l\u00f6yd\u00e4t yleisimm\u00e4t virheet, joita muotoilussa on hyv\u00e4 v\u00e4ltt\u00e4\u00e4.<\/p>\n<p><strong>V\u00e4lt\u00e4 n\u00e4it\u00e4 virheit\u00e4:<\/strong><\/p>\n<ul>\n<li>Liian aikaisin alkavat kulmakarvat saavat silm\u00e4t n\u00e4ytt\u00e4m\u00e4\u00e4n pienemmilt\u00e4<\/li>\n<li>Voimakkaasti kaarevat kulmakarvat tekev\u00e4t ilmeest\u00e4 surullisen n\u00e4k\u00f6isen<\/li>\n<li>Liian alas jatkettu kulmakarvan h\u00e4nt\u00e4 tekee katseesta v\u00e4syneen<\/li>\n<li>Liian ter\u00e4v\u00e4 kulmakarvan kulma tekee ilmeest\u00e4 vihaisen<\/li>\n<\/ul>\n<p><a href=\"https:\/\/colose.fi\/blog\/wp-content\/uploads\/2021\/02\/kulmakarvojen-muotoilu2.jpg\" data-lightbox=\"gal[2685]\"><img loading=\"lazy\" decoding=\"async\" class=\"alignnone wp-image-2688 size-full\" src=\"https:\/\/colose.fi\/blog\/wp-content\/uploads\/2021\/02\/kulmakarvojen-muotoilu2.jpg\" alt=\"kulmakarvojen piirt\u00e4minen\" width=\"1080\" height=\"1080\" srcset=\"https:\/\/colose.fi\/blog\/wp-content\/uploads\/2021\/02\/kulmakarvojen-muotoilu2.jpg 1080w, https:\/\/colose.fi\/blog\/wp-content\/uploads\/2021\/02\/kulmakarvojen-muotoilu2-300x300.jpg 300w, https:\/\/colose.fi\/blog\/wp-content\/uploads\/2021\/02\/kulmakarvojen-muotoilu2-1024x1024.jpg 1024w, https:\/\/colose.fi\/blog\/wp-content\/uploads\/2021\/02\/kulmakarvojen-muotoilu2-150x150.jpg 150w, https:\/\/colose.fi\/blog\/wp-content\/uploads\/2021\/02\/kulmakarvojen-muotoilu2-768x768.jpg 768w, https:\/\/colose.fi\/blog\/wp-content\/uploads\/2021\/02\/kulmakarvojen-muotoilu2-200x200.jpg 200w, https:\/\/colose.fi\/blog\/wp-content\/uploads\/2021\/02\/kulmakarvojen-muotoilu2-100x100.jpg 100w\" sizes=\"auto, (max-width: 1080px) 100vw, 1080px\" \/><\/a><\/p>\n<h3>Kulmakarvojen meikkaaminen<\/h3>\n<p>Kulmakarvat voidaan meikata esimerkiksi <a href=\"https:\/\/colose.fi\/silmat\/202-kulma-ja-rajauskyna.html\" target=\"_blank\" rel=\"noopener\">kulmakyn\u00e4ll\u00e4<\/a> tai pomade-tyyppisell\u00e4 <a href=\"https:\/\/colose.fi\/silmat\/175-kulmavari-medium-brown-sivellin.html\" target=\"_blank\" rel=\"noopener\">kulmakarvav\u00e4rill\u00e4<\/a>. Pomade levitet\u00e4\u00e4n viistop\u00e4isell\u00e4 siveltimell\u00e4, ja sill\u00e4 t\u00e4ytet\u00e4\u00e4n kulmakarvoissa esiintyvi\u00e4 aukkoja sek\u00e4 tasoitetaan ja tummennetaan kulmien v\u00e4ri\u00e4. Tarkalla siveltimell\u00e4 voidaan tarvittaessa my\u00f6s jatkaa kulmakarvan h\u00e4nt\u00e4\u00e4 pidemm\u00e4ksi.<\/p>\n<p><strong>Vaihe 1.\u00a0<\/strong>Ota kulmakarvav\u00e4ri\u00e4 pieni m\u00e4\u00e4r\u00e4 viistoon siveltimeen, ja aloita kulmakarvojen v\u00e4ritys kevyin vedoin kulman keskiosasta. Luonnollisen lopputuloksen aikaansaamiseksi v\u00e4rit\u00e4 kulmakarvan h\u00e4nt\u00e4 sen alkup\u00e4\u00e4t\u00e4 tummemmaksi. Jos kulmakarvoissa on aukkoja, t\u00e4yt\u00e4 ne painamalla sivellint\u00e4 voimakkaammin. N\u00e4in saat tummempaa j\u00e4lke\u00e4 joka piilottaa raot helpommin.<\/p>\n<p><strong>Vaihe 2.\u00a0<\/strong>Harjaa kulmakarvat muotoonsa kierreharjalla. Kulmakarvan alku harjataan yl\u00f6sp\u00e4in suuntautuvin liikkein, ja loppuosa sivuttain. N\u00e4in kulmakarva saa ryhti\u00e4. Samalla v\u00e4ri h\u00e4ivyttyy ja lopputulos n\u00e4ytt\u00e4\u00e4 luonnollisemmalta.<\/p>\n<p><a href=\"https:\/\/colose.fi\/blog\/wp-content\/uploads\/2021\/02\/kulmakarvojen-muotoilu3.jpg\" data-lightbox=\"gal[2685]\"><img loading=\"lazy\" decoding=\"async\" class=\"alignnone wp-image-2689 size-full\" src=\"https:\/\/colose.fi\/blog\/wp-content\/uploads\/2021\/02\/kulmakarvojen-muotoilu3.jpg\" alt=\"kulmakarvojen muotoilu\" width=\"2322\" height=\"1200\" srcset=\"https:\/\/colose.fi\/blog\/wp-content\/uploads\/2021\/02\/kulmakarvojen-muotoilu3.jpg 2322w, https:\/\/colose.fi\/blog\/wp-content\/uploads\/2021\/02\/kulmakarvojen-muotoilu3-300x155.jpg 300w, https:\/\/colose.fi\/blog\/wp-content\/uploads\/2021\/02\/kulmakarvojen-muotoilu3-1024x529.jpg 1024w, https:\/\/colose.fi\/blog\/wp-content\/uploads\/2021\/02\/kulmakarvojen-muotoilu3-768x397.jpg 768w, https:\/\/colose.fi\/blog\/wp-content\/uploads\/2021\/02\/kulmakarvojen-muotoilu3-1536x794.jpg 1536w, https:\/\/colose.fi\/blog\/wp-content\/uploads\/2021\/02\/kulmakarvojen-muotoilu3-2048x1058.jpg 2048w\" sizes=\"auto, (max-width: 2322px) 100vw, 2322px\" \/><\/a><\/p>\n<h3>N\u00e4in valitset oikean s\u00e4vyisen kulmatuotteen<\/h3>\n<p>T\u00e4ydelliset kulmakarvat syntyv\u00e4t oikein valitulla kulmatuotteella. Pomade-tyyppiset kulmakarvav\u00e4rit ovat turvallisin valinta, sill\u00e4 niiden avulla kulmakarvan tummuusastetta on helppo s\u00e4\u00e4dell\u00e4. L\u00e4ht\u00f6kohtaisesti parhaan v\u00e4rinen kulmatuote vastaa omaa tyvikasvuasi. Mik\u00e4li hiuksesi ovat hyvin vaaleat, voit valita astetta tummemman kulmatuotteen. Mustille hiuksille taas sopii parhaiten neutraalit tummanruskeat s\u00e4vyt.<\/p>\n<h4>KotiSalonki\u00ae Kulmav\u00e4ri<\/h4>\n<p>KotiSalonki\u00ae Kulmav\u00e4ri on voimakaspigmenttinen vedenkest\u00e4v\u00e4 pomade, joka levitet\u00e4\u00e4n kulmakarvoihin siveltimell\u00e4. Valikoimaan kuuluu kolme s\u00e4vy\u00e4, joiden tummuusastetta voidaan s\u00e4\u00e4dell\u00e4 kevyemm\u00e4ll\u00e4 tai voimakkaammalla levitysotteella ja tuotteen annostelulla.<\/p>\n<h5>S\u00e4vyt:<\/h5>\n<ul>\n<li><a href=\"https:\/\/colose.fi\/silmat\/174-kulmavari-blonde-sivellin.html\"><strong>Blonde:<\/strong><\/a> Neutraali\/l\u00e4mmin vaalea s\u00e4vy luonnostaan vaaleahiuksisille<\/li>\n<li><a href=\"https:\/\/colose.fi\/silmat\/188-kulmavari-taupe-sivellin.html\" target=\"_blank\" rel=\"noopener\"><strong>Taupe:<\/strong><\/a> Viile\u00e4 s\u00e4vy vaaleille ja keskitummille hiuksille<\/li>\n<li><a href=\"https:\/\/colose.fi\/silmat\/175-kulmavari-medium-brown-sivellin.html\" target=\"_blank\" rel=\"noopener\"><strong>Mebium brown:<\/strong><\/a> Neutraali\/l\u00e4mmin ruskea s\u00e4vy tummille ja mustille hiuksille<\/li>\n<\/ul>\n<p>Kulmav\u00e4rin mukana tulee kaksip\u00e4inen sivellin, jolla voi levitt\u00e4\u00e4 v\u00e4rin ja harjata kulmakarvat muotoonsa.<\/p>\n<p><strong>Vinkki:<\/strong> Mik\u00e4li kaipaat apua s\u00e4vyn valinnassa tai tarkempaa opastusta kulmakarvojen muotoilussa, ota yhteytt\u00e4 l\u00e4himp\u00e4\u00e4n <a href=\"https:\/\/colose.fi\/content\/13-colose-myyjat\" target=\"_blank\" rel=\"noopener\">Colos\u00e9 myyj\u00e4\u00e4si<\/a>. Asiantuntevat myyj\u00e4mme opastavat sinua kaikissa kauneudenhoidon pulmissa!<\/p>\n<p><a href=\"https:\/\/colose.fi\/blog\/wp-content\/uploads\/2021\/02\/insta_colose_careliana_kulmat_paulina.jpg\" data-lightbox=\"gal[2685]\"><img loading=\"lazy\" decoding=\"async\" class=\"alignnone wp-image-2686 size-full\" src=\"https:\/\/colose.fi\/blog\/wp-content\/uploads\/2021\/02\/insta_colose_careliana_kulmat_paulina.jpg\" alt=\"KotiSalonki kulmakarvav\u00e4ri\" width=\"2048\" height=\"2048\" srcset=\"https:\/\/colose.fi\/blog\/wp-content\/uploads\/2021\/02\/insta_colose_careliana_kulmat_paulina.jpg 2048w, https:\/\/colose.fi\/blog\/wp-content\/uploads\/2021\/02\/insta_colose_careliana_kulmat_paulina-300x300.jpg 300w, https:\/\/colose.fi\/blog\/wp-content\/uploads\/2021\/02\/insta_colose_careliana_kulmat_paulina-1024x1024.jpg 1024w, https:\/\/colose.fi\/blog\/wp-content\/uploads\/2021\/02\/insta_colose_careliana_kulmat_paulina-150x150.jpg 150w, https:\/\/colose.fi\/blog\/wp-content\/uploads\/2021\/02\/insta_colose_careliana_kulmat_paulina-768x768.jpg 768w, https:\/\/colose.fi\/blog\/wp-content\/uploads\/2021\/02\/insta_colose_careliana_kulmat_paulina-1536x1536.jpg 1536w, https:\/\/colose.fi\/blog\/wp-content\/uploads\/2021\/02\/insta_colose_careliana_kulmat_paulina-200x200.jpg 200w, https:\/\/colose.fi\/blog\/wp-content\/uploads\/2021\/02\/insta_colose_careliana_kulmat_paulina-100x100.jpg 100w\" sizes=\"auto, (max-width: 2048px) 100vw, 2048px\" \/><\/a><\/p>\n","protected":false},"excerpt":{"rendered":"<p>Kukapa ei haluaisi, ett\u00e4 omia kasvoja kehyst\u00e4isi t\u00e4ydelliset kulmakarvat? Kulmien muodolla ja v\u00e4rill\u00e4 on suuri vaikutus koko yleisilmeeseen, ja niiden avulla voidaan esimerkiksi saada kasvot kohotetun n\u00e4k\u00f6isiksi tai syvent\u00e4\u00e4 katsetta. T\u00e4n\u00e4\u00e4n kerromme, miten kulmakarvat kannattaa muotoilla ja meikata jotta ne n\u00e4ytt\u00e4isiv\u00e4t mahdollisimman imartelevilta.<\/p>\n","protected":false},"author":8,"featured_media":0,"comment_status":"open","ping_status":"closed","sticky":false,"template":"","format":"standard","meta":{"footnotes":""},"categories":[25],"tags":[90,60],"class_list":["post-2685","post","type-post","status-publish","format-standard","hentry","category-ihon-ja-kauneudenhoito","tag-kulmakarvat","tag-meikkaus"],"_links":{"self":[{"href":"https:\/\/colose.fi\/blog\/wp-json\/wp\/v2\/posts\/2685","targetHints":{"allow":["GET"]}}],"collection":[{"href":"https:\/\/colose.fi\/blog\/wp-json\/wp\/v2\/posts"}],"about":[{"href":"https:\/\/colose.fi\/blog\/wp-json\/wp\/v2\/types\/post"}],"author":[{"embeddable":true,"href":"https:\/\/colose.fi\/blog\/wp-json\/wp\/v2\/users\/8"}],"replies":[{"embeddable":true,"href":"https:\/\/colose.fi\/blog\/wp-json\/wp\/v2\/comments?post=2685"}],"version-history":[{"count":8,"href":"https:\/\/colose.fi\/blog\/wp-json\/wp\/v2\/posts\/2685\/revisions"}],"predecessor-version":[{"id":2706,"href":"https:\/\/colose.fi\/blog\/wp-json\/wp\/v2\/posts\/2685\/revisions\/2706"}],"wp:attachment":[{"href":"https:\/\/colose.fi\/blog\/wp-json\/wp\/v2\/media?parent=2685"}],"wp:term":[{"taxonomy":"category","embeddable":true,"href":"https:\/\/colose.fi\/blog\/wp-json\/wp\/v2\/categories?post=2685"},{"taxonomy":"post_tag","embeddable":true,"href":"https:\/\/colose.fi\/blog\/wp-json\/wp\/v2\/tags?post=2685"}],"curies":[{"name":"wp","href":"https:\/\/api.w.org\/{rel}","templated":true}]}}